{"id":2571,"date":"2026-08-31T20:17:12","date_gmt":"2026-08-31T18:17:12","guid":{"rendered":"http:\/\/www.zosp.bydgoszcz.pl\/?p=2571"},"modified":"2026-08-31T20:17:12","modified_gmt":"2026-08-31T18:17:12","slug":"sprawozdanie-z-polsko-austriackiej-wymiany-mlodziezowych-druzyn-pozarniczych","status":"publish","type":"post","link":"http:\/\/www.zosp.bydgoszcz.pl\/?p=2571","title":{"rendered":"Sprawozdanie z polsko-austriackiej wymiany M\u0142odzie\u017cowych Dru\u017cyn Po\u017carniczych.\u00a0"},"content":{"rendered":"\n<p class=\"wp-block-paragraph\"><br>W dniach 20\u201324 sierpnia 2026 roku odby\u0142a si\u0119 polsko-austriacka wymiana m\u0142odzie\u017cy, w kt\u00f3rej wzi\u0119li udzia\u0142 cz\u0142onkowie M\u0142odzie\u017cowych Dru\u017cyn Po\u017carniczych. Wydarzenie stanowi\u0142o doskona\u0142\u0105 okazj\u0119 do integracji m\u0142odych stra\u017cak\u00f3w, wymiany stra\u017cackich do\u015bwiadcze\u0144 oraz poznania kultury i walor\u00f3w przyrodniczych Austrii.<br>Pierwsz\u0105 noc po przyje\u017adzie na miejsce, ze wzgl\u0119du na trudne warunki pogodowe, sp\u0119dzili\u015bmy w remizie stra\u017cackiej w miejscowo\u015bci Lauterach. Zaraz po doje\u017adzie zorganizowano zwiedzanie obiektu, zapoznali\u015bmy si\u0119 z uk\u0142adem pomieszcze\u0144 oraz nowoczesnym sprz\u0119tem ratowniczo-ga\u015bniczym znajduj\u0105cym si\u0119 na wyposa\u017ceniu tamtejszej jednostki. Po zakwaterowaniu odby\u0142 si\u0119 uroczysty apel otwieraj\u0105cy zlot. Nast\u0119pnie przeszli\u015bmy do gier i zabaw integracyjnych, kt\u00f3re pozwoli\u0142y m\u0142odzie\u017cy lepiej si\u0119 pozna\u0107. W ci\u0105gu dnia udali\u015bmy si\u0119 r\u00f3wnie\u017c na miejsce planowanego obozowiska, aby zobaczy\u0107 teren przed jego oficjalnym rozbiciem. Wiecz\u00f3r up\u0142yn\u0105\u0142 w sportowej atmosferze na hali, gdzie zorganizowali\u015bmy rozgrywki meczy w dwa ognie.<br>Sobota rozpocz\u0119\u0142a si\u0119 od wsp\u00f3lnego \u015bniadania, po kt\u00f3rym przewie\u017ali\u015bmy sprz\u0119t i rzeczy na teren obozowiska, a nast\u0119pnie sprawnie rozbili\u015bmy namioty. Kolejn\u0105 atrakcj\u0105 by\u0142 rejs statkiem stra\u017cackim po Jeziorze Bode\u0144skim z Bregenz do urokliwego Lindau, podczas kt\u00f3rego mieli\u015bmy okazj\u0119 podziwia\u0107 lokalny port oraz malownicze widoki okolicznej przyrody. Po powrocie na obozowisko zjedli\u015bmy obiad, a zaraz po nim wystartowa\u0142a olimpiada obozowa. Przygotowane konkurencje dostarczy\u0142y m\u0142odzie\u017cy mn\u00f3stwo zabawy i stanowi\u0142y kolejny \u015bwietny punkt integracyjny. W gor\u0105cy dzie\u0144 nie mog\u0142o zabrakn\u0105\u0107 r\u00f3wnie\u017c k\u0105pieli w jeziorze. Pe\u0142en wra\u017ce\u0144 dzie\u0144 zako\u0144czyli\u015bmy wsp\u00f3lnymi ta\u0144cami i zabawami przy ognisku, a po og\u0142oszeniu ciszy nocnej wszyscy udali si\u0119 na zas\u0142u\u017cony odpoczynek do namiot\u00f3w.<br>W niedzielny poranek, dzi\u0119ki niezwyk\u0142ej go\u015bcinno\u015bci naszej t\u0142umaczki Renaty Olejnik, odwiedzili\u015bmy jej dom po\u0142o\u017cony w g\u00f3rnej cz\u0119\u015bci miasta. By\u0142a to wspania\u0142a okazja do relaksu, podziwiania pi\u0119knej panoramy oraz sp\u0119dzenia czasu w serdecznej atmosferze. Niezapomnian\u0105 i wyj\u0105tkow\u0105 atrakcj\u0105 dla uczestnik\u00f3w okaza\u0142a si\u0119 tak\u017ce mo\u017cliwo\u015b\u0107 przeja\u017cd\u017cki zabytkowym samochodem marki Dodge z 1944 roku.<br>Po powrocie ze spotkania nadszed\u0142 czas na oficjalne podsumowanie wyjazdu. Odbyli\u015bmy uroczysty apel ko\u0144cz\u0105cy zlot M\u0142odzie\u017cowych Dru\u017cyn Po\u017carniczych oraz zjedli\u015bmy ostatni wsp\u00f3lny obiad. Po po\u017cegnaniu z gospodarzami i podzi\u0119kowaniu za go\u015bcinno\u015b\u0107 ruszyli\u015bmy w drog\u0119 powrotn\u0105 do Polski.<br>Wyjazd by\u0142 niezwykle udany, obfitowa\u0142 w niezapomniane widoki, nowe stra\u017cackie znajomo\u015bci i cenny czas sp\u0119dzony na \u0142onie natury.<\/p>\n\n\n\nngg_shortcode_0_placeholder\n","protected":false},"excerpt":{"rendered":"<p>W dniach 20\u201324 sierpnia 2026 roku odby\u0142a si\u0119 polsko-austriacka wymiana m\u0142odzie\u017cy, w kt\u00f3rej wzi\u0119li udzia\u0142 cz\u0142onkowie M\u0142odzie\u017cowych Dru\u017cyn Po\u017carniczych. Wydarzenie stanowi\u0142o doskona\u0142\u0105 okazj\u0119 do integracji m\u0142odych stra\u017cak\u00f3w, wymiany stra\u017cackich do\u015bwiadcze\u0144 oraz poznania kultury i walor\u00f3w przyrodniczych Austrii.Pierwsz\u0105 noc po przyje\u017adzie na miejsce, ze wzgl\u0119du na trudne warunki pogodowe, sp\u0119dzili\u015bmy w remizie stra\u017cackiej w miejscowo\u015bci Lauterach. &hellip; <a href=\"http:\/\/www.zosp.bydgoszcz.pl\/?p=2571\" class=\"more-link\">Czytaj dalej <span class=\"screen-reader-text\">Sprawozdanie z polsko-austriackiej wymiany M\u0142odzie\u017cowych Dru\u017cyn Po\u017carniczych.\u00a0<\/span> <span class=\"meta-nav\">&rarr;<\/span><\/a><\/p>\n","protected":false},"author":2,"featured_media":1718,"comment_status":"closed","ping_status":"","sticky":false,"template":"","format":"standard","meta":{"ngg_post_thumbnail":0,"footnotes":""},"categories":[6,8],"tags":[],"class_list":["post-2571","post","type-post","status-publish","format-standard","has-post-thumbnail","hentry","category-mdp","category-zom"],"_links":{"self":[{"href":"http:\/\/www.zosp.bydgoszcz.pl\/index.php?rest_route=\/wp\/v2\/posts\/2571","targetHints":{"allow":["GET"]}}],"collection":[{"href":"http:\/\/www.zosp.bydgoszcz.pl\/index.php?rest_route=\/wp\/v2\/posts"}],"about":[{"href":"http:\/\/www.zosp.bydgoszcz.pl\/index.php?rest_route=\/wp\/v2\/types\/post"}],"author":[{"embeddable":true,"href":"http:\/\/www.zosp.bydgoszcz.pl\/index.php?rest_route=\/wp\/v2\/users\/2"}],"replies":[{"embeddable":true,"href":"http:\/\/www.zosp.bydgoszcz.pl\/index.php?rest_route=%2Fwp%2Fv2%2Fcomments&post=2571"}],"version-history":[{"count":1,"href":"http:\/\/www.zosp.bydgoszcz.pl\/index.php?rest_route=\/wp\/v2\/posts\/2571\/revisions"}],"predecessor-version":[{"id":2572,"href":"http:\/\/www.zosp.bydgoszcz.pl\/index.php?rest_route=\/wp\/v2\/posts\/2571\/revisions\/2572"}],"wp:featuredmedia":[{"embeddable":true,"href":"http:\/\/www.zosp.bydgoszcz.pl\/index.php?rest_route=\/wp\/v2\/media\/1718"}],"wp:attachment":[{"href":"http:\/\/www.zosp.bydgoszcz.pl\/index.php?rest_route=%2Fwp%2Fv2%2Fmedia&parent=2571"}],"wp:term":[{"taxonomy":"category","embeddable":true,"href":"http:\/\/www.zosp.bydgoszcz.pl\/index.php?rest_route=%2Fwp%2Fv2%2Fcategories&post=2571"},{"taxonomy":"post_tag","embeddable":true,"href":"http:\/\/www.zosp.bydgoszcz.pl\/index.php?rest_route=%2Fwp%2Fv2%2Ftags&post=2571"}],"curies":[{"name":"wp","href":"https:\/\/api.w.org\/{rel}","templated":true}]}}