{"id":1630,"date":"2024-04-30T20:30:00","date_gmt":"2024-04-30T18:30:00","guid":{"rendered":"http:\/\/www.zosp.bydgoszcz.pl\/?p=1630"},"modified":"2024-05-02T09:15:31","modified_gmt":"2024-05-02T07:15:31","slug":"odszedl-na-wieczna-sluzbe-do-sw-floriana","status":"publish","type":"post","link":"http:\/\/www.zosp.bydgoszcz.pl\/?p=1630","title":{"rendered":"Odszed\u0142 na wieczn\u0105 s\u0142u\u017cb\u0119 do \u015bw. Floriana"},"content":{"rendered":"\n<p>W dniu 29 kwietnia zmar\u0142 dh Stanis\u0142aw Rychlewski, wiceprezes Zarz\u0105du Oddzia\u0142u Miejskiego ZOSP RP w Bydgoszczy, naczelnik Ochotniczej Stra\u017cy Po\u017carnej Unilever , jeden z pierwszych s\u0119dzi\u00f3w Ochotnik\u00f3w\u00a0 Krajowego Kolegium\u00a0 S\u0119dzi\u00f3w sport\u00f3w stra\u017cackich. S\u0119dzia zawod\u00f3w Og\u00f3lnopolskich M\u0142odzie\u017cowych Dru\u017cyn Po\u017carniczych \u00a0w S\u0142ubicach w 2006 roku. Dzi\u0119ki Jego zaanga\u017cowaniu odby\u0142y si\u0119 Zawody Og\u00f3lnopolskie MDP w Bydgoszczy w 2008 roku. To On zdecydowa\u0142 o przej\u0119ciu opieki na M\u0142odzie\u017cow\u0105 Dru\u017cyn\u0105\u00a0 Po\u017carnicz\u0105 dzia\u0142aj\u0105c\u0105 w Szkole Podstawowej nr 64. Dzi\u0119ki tej decyzji bydgoskie dru\u017cyny reprezentowa\u0142y Bydgoszcz na Zawodach Krajowych i zagranicznych! \u00a0\u00a0Jedyny br\u0105zowy medal Mistrzostw Polski z zawod\u00f3w CTIF\u00a0 w 2008 roku w L\u0105dku zdoby\u0142a dru\u017cyna kobiet z Jego macierzystej Jednostki to jedyny medal dla naszego wojew\u00f3dztwa.\u00a0 W momencie gdy \u00a0Druh Stanis\u0142aw zosta\u0142 naczelnikiem OSP Unilever Jednostka aktywnie\u00a0 w\u0142\u0105czy\u0142a si\u0119 w dzia\u0142ania Zwi\u0105zku na terenie miasta, wojew\u00f3dztwa i kraju. \u00a0Kawaler Z\u0142otego Znaku Zwi\u0105zku. B\u0119dzie brakowa\u0142o nam Jego wsparcia na kt\u00f3re zawsze mogli\u015bmy liczy\u0107!\u00a0 <\/p>\n\n\n\n<p>Druhu Stanis\u0142awie spoczywaj w pokoju!<\/p>\n\n\n\n<p>Pogrzeb dh Stanis\u0142awa odb\u0119dzie si\u0119 w sobot\u0119 4 maja o godzinie 11:00 w Byszewie.\u00a0\u00a0\u00a0<\/p>\n\n\n\n<p>Serdeczne wyrazy wsp\u00f3\u0142czucia dla Rodziny sk\u0142ada<\/p>\n\n\n\n<p>Zarz\u0105d Oddzia\u0142u Miejskiego Zwi\u0105zku OSP RP&nbsp;&nbsp; w Bydgoszczy<\/p>\n\n\n\n<p>&nbsp;&nbsp;&nbsp;&nbsp;&nbsp;&nbsp;&nbsp;&nbsp;&nbsp;&nbsp;&nbsp;&nbsp;&nbsp;&nbsp;&nbsp;&nbsp;&nbsp;&nbsp;&nbsp;&nbsp;&nbsp;&nbsp;&nbsp;&nbsp;&nbsp;&nbsp;&nbsp;&nbsp;&nbsp;&nbsp;&nbsp;&nbsp;&nbsp;&nbsp;&nbsp;&nbsp;&nbsp;&nbsp;&nbsp;&nbsp;&nbsp;&nbsp;&nbsp;&nbsp;&nbsp;&nbsp;&nbsp;&nbsp;&nbsp;&nbsp;&nbsp;&nbsp;&nbsp;&nbsp;&nbsp;&nbsp;&nbsp;&nbsp;&nbsp;&nbsp;&nbsp;&nbsp;&nbsp;&nbsp;&nbsp;&nbsp;&nbsp;&nbsp;&nbsp;&nbsp;&nbsp;&nbsp;&nbsp;&nbsp;&nbsp;&nbsp;&nbsp;&nbsp;&nbsp;&nbsp;&nbsp;&nbsp;&nbsp;&nbsp;&nbsp;&nbsp;&nbsp;&nbsp;&nbsp;&nbsp;&nbsp;&nbsp;&nbsp;&nbsp;&nbsp;&nbsp;&nbsp;&nbsp;&nbsp;&nbsp;&nbsp;&nbsp;&nbsp;&nbsp;&nbsp;&nbsp;&nbsp;&nbsp;&nbsp;&nbsp;&nbsp;&nbsp;&nbsp;&nbsp;&nbsp;&nbsp;&nbsp;&nbsp;&nbsp;&nbsp;&nbsp;&nbsp;&nbsp;&nbsp;&nbsp;&nbsp;&nbsp;&nbsp;&nbsp;&nbsp;&nbsp;&nbsp;&nbsp;&nbsp;&nbsp;&nbsp;&nbsp;&nbsp;&nbsp;&nbsp;&nbsp;&nbsp;&nbsp;&nbsp;&nbsp;&nbsp;&nbsp;&nbsp;&nbsp;&nbsp;&nbsp;&nbsp;&nbsp;&nbsp;&nbsp;&nbsp;&nbsp;&nbsp;<\/p>\n\n\n\n<p>&nbsp;&nbsp;&nbsp;&nbsp;&nbsp;&nbsp;&nbsp;&nbsp;&nbsp;&nbsp;&nbsp;&nbsp;&nbsp;&nbsp;&nbsp;&nbsp;&nbsp;&nbsp;&nbsp;&nbsp;&nbsp;&nbsp;&nbsp;&nbsp;&nbsp;&nbsp;&nbsp;&nbsp;&nbsp;&nbsp;&nbsp;&nbsp;&nbsp;&nbsp;&nbsp;&nbsp;&nbsp;&nbsp;&nbsp;&nbsp;&nbsp;&nbsp;&nbsp;&nbsp;&nbsp;&nbsp;&nbsp;&nbsp;&nbsp;&nbsp;&nbsp;&nbsp;&nbsp;&nbsp;&nbsp;&nbsp;&nbsp;&nbsp;&nbsp;&nbsp;&nbsp;&nbsp;&nbsp;&nbsp;&nbsp;&nbsp;&nbsp;&nbsp;&nbsp;&nbsp;&nbsp;&nbsp;&nbsp;&nbsp;&nbsp;&nbsp;&nbsp;&nbsp;&nbsp;&nbsp;&nbsp;&nbsp;&nbsp;&nbsp;&nbsp;&nbsp;<\/p>\n","protected":false},"excerpt":{"rendered":"<p>W dniu 29 kwietnia zmar\u0142 dh Stanis\u0142aw Rychlewski, wiceprezes Zarz\u0105du Oddzia\u0142u Miejskiego ZOSP RP w Bydgoszczy, naczelnik Ochotniczej Stra\u017cy Po\u017carnej Unilever , jeden z pierwszych s\u0119dzi\u00f3w Ochotnik\u00f3w\u00a0 Krajowego Kolegium\u00a0 S\u0119dzi\u00f3w sport\u00f3w stra\u017cackich. S\u0119dzia zawod\u00f3w Og\u00f3lnopolskich M\u0142odzie\u017cowych Dru\u017cyn Po\u017carniczych \u00a0w S\u0142ubicach w 2006 roku. Dzi\u0119ki Jego zaanga\u017cowaniu odby\u0142y si\u0119 Zawody Og\u00f3lnopolskie MDP w Bydgoszczy w 2008 &hellip; <a href=\"http:\/\/www.zosp.bydgoszcz.pl\/?p=1630\" class=\"more-link\">Czytaj dalej <span class=\"screen-reader-text\">Odszed\u0142 na wieczn\u0105 s\u0142u\u017cb\u0119 do \u015bw. Floriana<\/span> <span class=\"meta-nav\">&rarr;<\/span><\/a><\/p>\n","protected":false},"author":2,"featured_media":1631,"comment_status":"closed","ping_status":"","sticky":false,"template":"","format":"standard","meta":{"ngg_post_thumbnail":0,"footnotes":""},"categories":[8],"tags":[],"class_list":["post-1630","post","type-post","status-publish","format-standard","has-post-thumbnail","hentry","category-zom"],"_links":{"self":[{"href":"http:\/\/www.zosp.bydgoszcz.pl\/index.php?rest_route=\/wp\/v2\/posts\/1630","targetHints":{"allow":["GET"]}}],"collection":[{"href":"http:\/\/www.zosp.bydgoszcz.pl\/index.php?rest_route=\/wp\/v2\/posts"}],"about":[{"href":"http:\/\/www.zosp.bydgoszcz.pl\/index.php?rest_route=\/wp\/v2\/types\/post"}],"author":[{"embeddable":true,"href":"http:\/\/www.zosp.bydgoszcz.pl\/index.php?rest_route=\/wp\/v2\/users\/2"}],"replies":[{"embeddable":true,"href":"http:\/\/www.zosp.bydgoszcz.pl\/index.php?rest_route=%2Fwp%2Fv2%2Fcomments&post=1630"}],"version-history":[{"count":6,"href":"http:\/\/www.zosp.bydgoszcz.pl\/index.php?rest_route=\/wp\/v2\/posts\/1630\/revisions"}],"predecessor-version":[{"id":1638,"href":"http:\/\/www.zosp.bydgoszcz.pl\/index.php?rest_route=\/wp\/v2\/posts\/1630\/revisions\/1638"}],"wp:featuredmedia":[{"embeddable":true,"href":"http:\/\/www.zosp.bydgoszcz.pl\/index.php?rest_route=\/wp\/v2\/media\/1631"}],"wp:attachment":[{"href":"http:\/\/www.zosp.bydgoszcz.pl\/index.php?rest_route=%2Fwp%2Fv2%2Fmedia&parent=1630"}],"wp:term":[{"taxonomy":"category","embeddable":true,"href":"http:\/\/www.zosp.bydgoszcz.pl\/index.php?rest_route=%2Fwp%2Fv2%2Fcategories&post=1630"},{"taxonomy":"post_tag","embeddable":true,"href":"http:\/\/www.zosp.bydgoszcz.pl\/index.php?rest_route=%2Fwp%2Fv2%2Ftags&post=1630"}],"curies":[{"name":"wp","href":"https:\/\/api.w.org\/{rel}","templated":true}]}}